{"id":18464,"date":"2019-03-14T11:34:33","date_gmt":"2019-03-14T15:34:33","guid":{"rendered":"https:\/\/www.bgccan.com\/?p=18464"},"modified":"2019-03-14T11:34:33","modified_gmt":"2019-03-14T15:34:33","slug":"joignez-vous-aux-repaires-jeunesse-pour-debranche-et-allume-2019","status":"publish","type":"post","link":"https:\/\/www.bgccan.com\/fr\/joignez-vous-aux-repaires-jeunesse-pour-debranche-et-allume-2019\/","title":{"rendered":"Joignez-vous aux Repaires jeunesse pour D\u00e9branche et allume 2019!"},"content":{"rendered":"<p>&nbsp;<\/p>\n<p>Le<strong> 7 juin<\/strong>, les Repaires jeunesse invitent les Canadiens d&rsquo;un oc\u00e9an \u00e0 l&rsquo;autre \u00e0 se joindre \u00e0 eux pour D\u00e9branche et allume!<\/p>\n<p><a href=\"http:\/\/debranche.ca\" target=\"_blank\" rel=\"noopener\">D\u00e9branche et allume<\/a> encourage les citoyens \u00e0 passer plus de temps de qualit\u00e9 avec leurs amis, leur famille et leurs coll\u00e8gues, et moins de temps devant leurs \u00e9crans. Pendant une heure (ou plus), d\u00e9branchez-vous de vos appareils et connectez avec les gens qui vous entourent!<\/p>\n<p>L&rsquo;an dernier, la premi\u00e8re \u00e9dition de l&rsquo;\u00e9v\u00e9nement a \u00e9t\u00e9 un r\u00e9el succ\u00e8s! Un <a href=\"http:\/\/debranche.ca\/evenements-debranche-et-allume-region-du-quebec\/\" target=\"_blank\" rel=\"noopener\">tournoi de jeux de soci\u00e9t\u00e9 g\u00e9ants<\/a> \u00e0 Qu\u00e9bec, une <a href=\"http:\/\/debranche.ca\/evenements-debranche-et-allume-region-du-centre\/\" target=\"_blank\" rel=\"noopener\">partie de basket<\/a> en plein centre-ville de Kingston, une <a href=\"http:\/\/debranche.ca\/evenements-debranche-et-allume-region-de-louest\/\" target=\"_blank\" rel=\"noopener\">s\u00e9ance de peinture avec un artiste local<\/a> \u00e0 Stettler, et m\u00eame la <a href=\"http:\/\/debranche.ca\/evenements-debranche-et-allume-region-de-latlantique\/\" target=\"_blank\" rel=\"noopener\">cr\u00e9ation d&rsquo;une murale<\/a> \u00e0 Moncton&#8230; Partout au pays, des communaut\u00e9s tout enti\u00e8res ont d\u00e9laiss\u00e9 leurs \u00e9crans pour passer du temps avec les autres.<\/p>\n<p>&nbsp;<\/p>\n<h5><strong>Pourquoi d\u00e9brancher?<\/strong><\/h5>\n<p>On sait tous qu&rsquo;Internet et les t\u00e9l\u00e9phones intelligents sont en train de changer la fa\u00e7on dont les gens se connectent au monde autour d\u2019eux.\u00a0Les appareils technologiques sont faits pour nous connecter aux autres, mais \u00e0 bien des \u00e9gards, ils entra\u00eenent un plus grand sentiment d\u2019isolement et de solitude.<\/p>\n<p>Le pourcentage de jeunes qui poss\u00e8dent un t\u00e9l\u00e9phone intelligent a atteint 89%, mais des \u00e9tudes d\u00e9montrent que plus ils passent de temps les yeux riv\u00e9s sur leurs \u00e9crans, plus leur bien-\u00eatre psychologique diminue, et ce, de fa\u00e7on drastique. En cons\u00e9quence, l\u2019anxi\u00e9t\u00e9 augmente, plus particuli\u00e8rement chez les enfants et les adolescents, alors qu&rsquo;ils ressentent le besoin d\u2019\u00eatre \u00ab branch\u00e9s \u00bb en tout temps.<\/p>\n<div class=\"page\" title=\"Page 1\">\n<div class=\"layoutArea\">\n<div class=\"column\">\n<p>\u00c0 Repaires jeunesse du Canada, nous croyons que tisser des liens avec\u00a0les autres est une comp\u00e9tence g\u00e9n\u00e9rale importante. Et dans nos Repaires jeunesse, chaque jour, les jeunes passent du temps loin des ordinateurs et des t\u00e9l\u00e9phones intelligents \u2013 ensemble, ils jouent, ils apprennent et ils b\u00e9n\u00e9ficient du mentorat d\u2019adultes bienveillants.<\/p>\n<\/div>\n<\/div>\n<\/div>\n<p>Rendez-vous sur <a href=\"http:\/\/debranche.ca\" target=\"_blank\" rel=\"noopener\">debranche.ca<\/a> pour en savoir plus et trouver toutes les ressources n\u00e9cessaires pour nous aider \u00e0 passer le mot. Et au moment de vous rebrancher, suivez toute l&rsquo;action sur les m\u00e9dias sociaux gr\u00e2ce au mot-clic <strong>#D\u00e9brancheEtAllume<\/strong>.<\/p>\n","protected":false},"excerpt":{"rendered":"<p>&nbsp; Le 7 juin, les Repaires jeunesse invitent les Canadiens d&rsquo;un oc\u00e9an \u00e0 l&rsquo;autre \u00e0 se joindre \u00e0 eux pour D\u00e9branche et allume! D\u00e9branche et allume encourage les citoyens \u00e0 passer plus de temps de qualit\u00e9 avec leurs amis, leur famille et leurs coll\u00e8gues, et moins de temps devant leurs \u00e9crans. Pendant une heure (ou [&hellip;]<\/p>\n","protected":false},"author":11,"featured_media":18466,"comment_status":"open","ping_status":"open","sticky":false,"template":"","format":"standard","meta":{"_acf_changed":false,"footnotes":""},"categories":[169],"tags":[],"class_list":["post-18464","post","type-post","status-publish","format-standard","has-post-thumbnail","hentry","category-bgc-news-fr"],"acf":[],"aioseo_notices":[],"_links":{"self":[{"href":"https:\/\/www.bgccan.com\/fr\/wp-json\/wp\/v2\/posts\/18464","targetHints":{"allow":["GET"]}}],"collection":[{"href":"https:\/\/www.bgccan.com\/fr\/wp-json\/wp\/v2\/posts"}],"about":[{"href":"https:\/\/www.bgccan.com\/fr\/wp-json\/wp\/v2\/types\/post"}],"author":[{"embeddable":true,"href":"https:\/\/www.bgccan.com\/fr\/wp-json\/wp\/v2\/users\/11"}],"replies":[{"embeddable":true,"href":"https:\/\/www.bgccan.com\/fr\/wp-json\/wp\/v2\/comments?post=18464"}],"version-history":[{"count":0,"href":"https:\/\/www.bgccan.com\/fr\/wp-json\/wp\/v2\/posts\/18464\/revisions"}],"wp:featuredmedia":[{"embeddable":true,"href":"https:\/\/www.bgccan.com\/fr\/wp-json\/wp\/v2\/media\/18466"}],"wp:attachment":[{"href":"https:\/\/www.bgccan.com\/fr\/wp-json\/wp\/v2\/media?parent=18464"}],"wp:term":[{"taxonomy":"category","embeddable":true,"href":"https:\/\/www.bgccan.com\/fr\/wp-json\/wp\/v2\/categories?post=18464"},{"taxonomy":"post_tag","embeddable":true,"href":"https:\/\/www.bgccan.com\/fr\/wp-json\/wp\/v2\/tags?post=18464"}],"curies":[{"name":"wp","href":"https:\/\/api.w.org\/{rel}","templated":true}]}}