{"id":24019,"date":"2019-09-17T15:48:08","date_gmt":"2019-09-17T19:48:08","guid":{"rendered":"https:\/\/www.bgccan.com\/?p=24019"},"modified":"2026-04-22T21:20:41","modified_gmt":"2026-04-22T21:20:41","slug":"journee-du-chandail-orange-un-rappel-que-chaque-enfant-compte","status":"publish","type":"post","link":"https:\/\/www.bgccan.com\/fr\/journee-du-chandail-orange-un-rappel-que-chaque-enfant-compte\/","title":{"rendered":"La Journ\u00e9e du chandail orange, un rappel que chaque enfant compte"},"content":{"rendered":"<p>Les jeunes sont l&rsquo;avenir de la R\u00e9conciliation!<\/p>\n<p>Du Yukon \u00e0 Calgary, en passant par\u00a0Saint John, des Repaires jeunesse d&rsquo;un bout \u00e0 l&rsquo;autre du pays sont profond\u00e9ment engag\u00e9s dans les programmes autochtones et dans de nombreuses activit\u00e9s li\u00e9es \u00e0 la culture autochtone.<\/p>\n<p>Ces Repaires jeunesse, qui travaillent avec des jeunes autochtones tant dans les grandes villes que dans les communaut\u00e9s rurales, adoptent une approche locale de la R\u00e9conciliation, tandis qu&rsquo;au niveau national, un comit\u00e9 travaille \u00e0 d\u00e9velopper une strat\u00e9gie globale pour les programmes autochtones.<\/p>\n<p>\u00ab Chaque petit pas est un pas sur la voie de la R\u00e9conciliation \u00bb, <a href=\"https:\/\/www.bgccan.com\/fr\/eden-valley\/\" target=\"_blank\" rel=\"noopener\">explique Owen Charters<\/a>, pr\u00e9sident-directeur g\u00e9n\u00e9ral de Repaires jeunesse du Canada.<\/p>\n<p>Dans un esprit de R\u00e9conciliation, Repaires jeunesse du Canada participera \u00e0 la Journ\u00e9e du chandail orange, le <strong>30 septembre 2019<\/strong>.<\/p>\n<p>Cette journ\u00e9e est une occasion de comm\u00e9morer l&rsquo;exp\u00e9rience de milliers d&rsquo;enfants des Premi\u00e8res Nations, M\u00e9tis et Inuits qui ont \u00e9t\u00e9 retir\u00e9s de leur famille \u00e0 cette p\u00e9riode de l&rsquo;ann\u00e9e pour \u00eatre plac\u00e9s de force dans des pensionnats.<\/p>\n<p>Un concours de cr\u00e9ation de chandail orange a \u00e9t\u00e9 organis\u00e9 par le Repaire jeunesse de Saskatoon pour ses jeunes. F\u00e9licitations \u00e0 Gianna; son oeuvre ornera les chandails officiels port\u00e9s par l&rsquo;\u00e9quipe nationale de Repaires jeunesse du Canada! Sa cr\u00e9ation a \u00e9galement \u00e9t\u00e9 partag\u00e9e avec les autres Repaires jeunesse.<\/p>\n<p><img loading=\"lazy\" decoding=\"async\" class=\"\" src=\"https:\/\/bgc2021.innermostdigital.com\/wp-content\/uploads\/2019\/09\/Gianna-Orange-Shirt-Day-2.jpg\" width=\"1273\" height=\"625\" \/><\/p>\n<p>Son design est un rappel important que \u00ab Chaque enfant compte \u00bb et que tous ont besoin de vivre dans la paix et l&rsquo;amour.<\/p>\n<p><img loading=\"lazy\" decoding=\"async\" class=\"\" src=\"https:\/\/bgc2021.innermostdigital.com\/wp-content\/uploads\/2019\/09\/Orange-Shirt-Design.png\" width=\"357\" height=\"418\" \/><img loading=\"lazy\" decoding=\"async\" class=\"\" src=\"https:\/\/bgc2021.innermostdigital.com\/wp-content\/uploads\/2019\/09\/OrangeShirt-Mockup-1.jpg\" width=\"469\" height=\"417\" \/><\/p>\n","protected":false},"excerpt":{"rendered":"<p>Les jeunes sont l&rsquo;avenir de la R\u00e9conciliation! Du Yukon \u00e0 Calgary, en passant par\u00a0Saint John, des Repaires jeunesse d&rsquo;un bout \u00e0 l&rsquo;autre du pays sont profond\u00e9ment engag\u00e9s dans les programmes autochtones et dans de nombreuses activit\u00e9s li\u00e9es \u00e0 la culture autochtone. Ces Repaires jeunesse, qui travaillent avec des jeunes autochtones tant dans les grandes villes [&hellip;]<\/p>\n","protected":false},"author":11,"featured_media":24020,"comment_status":"open","ping_status":"open","sticky":false,"template":"","format":"standard","meta":{"_acf_changed":false,"footnotes":""},"categories":[169],"tags":[],"class_list":["post-24019","post","type-post","status-publish","format-standard","has-post-thumbnail","hentry","category-bgc-news-fr"],"acf":[],"aioseo_notices":[],"_links":{"self":[{"href":"https:\/\/www.bgccan.com\/fr\/wp-json\/wp\/v2\/posts\/24019","targetHints":{"allow":["GET"]}}],"collection":[{"href":"https:\/\/www.bgccan.com\/fr\/wp-json\/wp\/v2\/posts"}],"about":[{"href":"https:\/\/www.bgccan.com\/fr\/wp-json\/wp\/v2\/types\/post"}],"author":[{"embeddable":true,"href":"https:\/\/www.bgccan.com\/fr\/wp-json\/wp\/v2\/users\/11"}],"replies":[{"embeddable":true,"href":"https:\/\/www.bgccan.com\/fr\/wp-json\/wp\/v2\/comments?post=24019"}],"version-history":[{"count":1,"href":"https:\/\/www.bgccan.com\/fr\/wp-json\/wp\/v2\/posts\/24019\/revisions"}],"predecessor-version":[{"id":90579,"href":"https:\/\/www.bgccan.com\/fr\/wp-json\/wp\/v2\/posts\/24019\/revisions\/90579"}],"wp:featuredmedia":[{"embeddable":true,"href":"https:\/\/www.bgccan.com\/fr\/wp-json\/wp\/v2\/media\/24020"}],"wp:attachment":[{"href":"https:\/\/www.bgccan.com\/fr\/wp-json\/wp\/v2\/media?parent=24019"}],"wp:term":[{"taxonomy":"category","embeddable":true,"href":"https:\/\/www.bgccan.com\/fr\/wp-json\/wp\/v2\/categories?post=24019"},{"taxonomy":"post_tag","embeddable":true,"href":"https:\/\/www.bgccan.com\/fr\/wp-json\/wp\/v2\/tags?post=24019"}],"curies":[{"name":"wp","href":"https:\/\/api.w.org\/{rel}","templated":true}]}}