{"id":24855,"date":"2024-01-16T08:00:33","date_gmt":"2024-01-16T13:00:33","guid":{"rendered":"https:\/\/www.bgccan.com\/?p=24855"},"modified":"2026-04-24T21:35:31","modified_gmt":"2026-04-24T21:35:31","slug":"la-voix-des-jeunes","status":"publish","type":"post","link":"https:\/\/www.bgccan.com\/fr\/la-voix-des-jeunes\/","title":{"rendered":"\u00c9couter la voix des jeunes"},"content":{"rendered":"<p>By\u00a0<a href=\"https:\/\/www.bgccan.com\/fr\/who-we-are\/notre-equipe\/equipe-de-direction\/owen-charters\/\">Owen Charters<\/a>, pr\u00e9sident-directeur g\u00e9n\u00e9ral, BGC Canada<\/p>\n<p>16\u00a0janvier\u00a02024<\/p>\n<h4><em>Dans les Clubs BGC, nous tenons \u00e0 donner la parole aux jeunes. Dans notre plan strat\u00e9gique, nous expliquons comment les aider \u00e0 trouver leur voix, \u00e0 faire entendre celle-ci, et \u00e0 aller \u00e0 la d\u00e9fense de leurs droits aupr\u00e8s des gouvernements et des d\u00e9cideurs. <\/em><\/h4>\n<p>Pour plusieurs, le d\u00e9but d\u2019une nouvelle ann\u00e9e est l\u2019occasion de r\u00e9fl\u00e9chir, de repartir \u00e0 neuf et de se concentrer sur de nouveaux objectifs ou projets. Chez BGC Canada, c\u2019est le moment tout indiqu\u00e9 pour nous rappeler de la raison d\u2019\u00eatre de notre travail\u00a0si important : avoir un effet positif sur la vie des jeunes et cr\u00e9er des espaces s\u00fbrs pour les aider \u00e0 acqu\u00e9rir les comp\u00e9tences n\u00e9cessaires \u00e0 leur r\u00e9ussite.<\/p>\n<p>Dans les Clubs BGC, nous tenons \u00e0 donner la parole aux jeunes. Dans notre plan strat\u00e9gique, nous expliquons comment les aider \u00e0 trouver leur voix, \u00e0 faire entendre celle-ci, et \u00e0 aller \u00e0 la d\u00e9fense de leurs droits aupr\u00e8s des gouvernements et des d\u00e9cideurs. Dans le cadre de notre vision pour Une voix forte, nous \u00ab\u00a0repr\u00e9senterons et ferons entendre la voix des jeunes\u00a0\u00bb et nous nous ferons \u00ab\u00a0leur porte-parole aupr\u00e8s des gouvernements et des m\u00e9dias sur les enjeux qui les touchent\u00a0\u00bb.<\/p>\n<h5><strong>Conseil national des jeunes de BGC Canada<\/strong><\/h5>\n<p>Le Conseil national des jeunes de BGC Canada (CNJ) permet aux jeunes de s\u2019exprimer au sein de notre structure de gouvernance, offrant ainsi un moyen de rapprocher les jeunes des Clubs et BGC Canada. Afin d\u2019aider notre organisme \u00e0 mieux r\u00e9pondre aux besoins et aux aspirations de nos membres, nous devons tendre l\u2019oreille \u00e0 ce qui est important, comme leurs pr\u00e9occupations et leur fa\u00e7on de voir les choses.<\/p>\n<p>Tout au long de leur mandat en tant que membres du CNJ, ces jeunes leaders devront \u00e9tablir des objectifs de d\u00e9veloppement professionnel, travailler avec l\u2019\u00e9quipe nationale de BGC Canada au sein de comit\u00e9s, \u00eatre en contact avec le Conseil d\u2019administration pour discuter des enjeux qui les touchent, et organiser le Forum national des jeunes, durant lequel les membres des Clubs se rassemblent pour assister \u00e0 des ateliers, des activit\u00e9s et des excursions.<\/p>\n<p>Ultimement, les membres du CNJ sont des mod\u00e8les \u00e0 suivre pour les futurs membres, ainsi que pour les jeunes des Clubs de leur province et de tout le Canada. Parmi les r\u00e9alisations pass\u00e9es du CNJ, citons plusieurs d\u00e9clarations (sur le <a href=\"https:\/\/www.bgccan.com\/fr\/declaration-du-conseil-national-des-jeunes-de-bgc-canada-sur-le-rapport-sur-letat-de-la-jeunesse\/\">Rapport sur l\u2019\u00e9tat de la jeunesse<\/a>, sur la\u00a0<a href=\"https:\/\/www.bgccan.com\/fr\/declaration-conseil-national-des-jeunes\/\">lutte contre le racisme<\/a>, sur la\u00a0<a href=\"https:\/\/www.bgccan.com\/fr\/conseil-national-des-jeunes-legislation-anti-trans\/\">l\u00e9gislation anti-trans<\/a> et sur la\u00a0<a href=\"https:\/\/www.bgccan.com\/fr\/declaration-du-conseil-national-des-jeunes-au-sujet-de-la-sante-mentale\/\">sant\u00e9 mentale<\/a>), une visite \u00e0 la\u00a0<a href=\"https:\/\/www.bgccan.com\/fr\/cette-annee-jeunes-sur-la-colline-sattaque-aux-problematiques-demploi-et-de-sante-mentale-chez-les-jeunes\/\">Colline du Parlement<\/a>, des conf\u00e9rences et ateliers \u00e0 l\u2019\u00e9chelle nationale, et plus encore.<\/p>\n<p>Notre Conseil national des jeunes fait partie de plusieurs instances qui mettent de l\u2019avant la voix des jeunes. Plusieurs voix de jeunes puissantes et pertinentes sont pass\u00e9es \u00e0 l\u2019histoire. Encore aujourd\u2019hui, des milliers de voix r\u00e9clament avec force le changement aux quatre coins du monde, et beaucoup d\u2019entre elles sont ici, au Canada.<\/p>\n<h5><strong>Conseil national des jeunes de BGC Canada 2024<\/strong><\/h5>\n<p>En d\u00e9cembre\u00a02023, 12\u00a0jeunes de partout au pays ont \u00e9t\u00e9 \u00e9lus pour si\u00e9ger au Conseil national des jeunes de 2024-2025. Ils se sont r\u00e9unis \u00e0 notre bureau national \u00e0 Toronto pour discuter de leur r\u00f4le et de leurs responsabilit\u00e9s en tant que membre du conseil.\u00a0 Ils ont notamment fix\u00e9 des objectifs et commenc\u00e9 \u00e0 organiser des projets de revendications pour les jeunes des Clubs.<\/p>\n<p><img loading=\"lazy\" decoding=\"async\" class=\"\" src=\"https:\/\/bgc2021.innermostdigital.com\/wp-content\/uploads\/2024\/01\/youth-voices_nyc-scaled.jpg\" width=\"491\" height=\"655\" \/><\/p>\n<h5><strong>Comment peut-on <em>r\u00e9ellement<\/em> \u00e9couter la voix des jeunes?<\/strong><\/h5>\n<p>Leur voix est puissante et souvent \u00e9tonnamment r\u00e9fl\u00e9chie. Mais dans bien des cas, les adultes se contentent d\u2019y r\u00e9pondre par un hochement de t\u00eate avant de retourner rapidement \u00e0 leurs occupations. Par occupations, je parle des compromis qui sont compl\u00e8tement \u00e0 l\u2019oppos\u00e9 des principes que ces jeunes d\u00e9fendent. Parce qu\u2019en vieillissant, on se rend compte qu\u2019il faut \u00eatre pragmatique et que, m\u00eame s\u2019il existe des enjeux sur lesquels il faut agir rapidement en tant que soci\u00e9t\u00e9, les exigences de la \u00ab\u00a0vraie vie\u00a0\u00bb nous rattrapent bien assez vite.<\/p>\n<p>Est-ce acceptable? Est-ce que \u00e7a devrait se passer ainsi? Gouverner, que ce soit \u00e0 l\u2019ONU ou au Parlement, ou m\u00eame \u00e0 la r\u00e9union du conseil d\u2019administration des membres de nos<\/p>\n<p>Clubs, c\u2019est une question de compromis. Mais est-ce que \u00e7a ne devrait pas aussi \u00eatre motiv\u00e9 par la d\u00e9termination in\u00e9branlable et les id\u00e9aux de la rel\u00e8ve? Si nous souhaitons voir un r\u00e9el changement, ne devrions-nous pas faire preuve de la m\u00eame intransigeance?<\/p>\n<p>Cette Terre, nous l\u2019empruntons \u00e0 nos enfants, \u00e0 nos petits-enfants et \u00e0 toutes les g\u00e9n\u00e9rations qui viendront. Nous nous devons de penser au moins sept g\u00e9n\u00e9rations plus loin. Si nous voulons \u00e9couter cette philosophie autochtone, il faut inclure une vision \u00e0 long terme \u00e0 nos d\u00e9cisions, et s\u2019assurer de consid\u00e9rer les pr\u00e9occupations des jeunes, qui s\u2019inqui\u00e8tent de l\u2019\u00e9tat du monde dont ils vont h\u00e9riter et qui sont franchement convaincus que les int\u00e9r\u00eats \u00e0 court terme soient trop souvent privil\u00e9gi\u00e9s.<\/p>\n<p>Nous devons combattre cette tendance des politiciens \u00e0 prendre des d\u00e9cisions pour les gens qui leur ressemblent et qui sont de la m\u00eame g\u00e9n\u00e9ration qu\u2019eux. Nous devons faire entendre la voix des jeunes que nous servons, les inviter \u00e0 table et nous assurer que leurs demandes soient entendues. Et il en existe beaucoup, beaucoup plus. On les trouve dans nos Clubs. Et lorsqu\u2019ils n\u2019y sont pas, nous devons aller \u00e0 leur rencontre.<\/p>\n<p>Nous devons les \u00e9couter. Nous devons leur donner la plus grande tribune possible. Il est crucial de cr\u00e9er des espaces de dialogue pour que les gens au pouvoir puissent entendre la voix des jeunes. Nous devons pr\u00e9parer l\u2019avenir des sept prochaines g\u00e9n\u00e9rations, et de toutes celles qui suivront.<\/p>\n","protected":false},"excerpt":{"rendered":"<p>By\u00a0Owen Charters, pr\u00e9sident-directeur g\u00e9n\u00e9ral, BGC Canada 16\u00a0janvier\u00a02024 Dans les Clubs BGC, nous tenons \u00e0 donner la parole aux jeunes. Dans notre plan strat\u00e9gique, nous expliquons comment les aider \u00e0 trouver leur voix, \u00e0 faire entendre celle-ci, et \u00e0 aller \u00e0 la d\u00e9fense de leurs droits aupr\u00e8s des gouvernements et des d\u00e9cideurs. Pour plusieurs, le d\u00e9but [&hellip;]<\/p>\n","protected":false},"author":11,"featured_media":89254,"comment_status":"open","ping_status":"open","sticky":false,"template":"","format":"standard","meta":{"_acf_changed":false,"footnotes":""},"categories":[169],"tags":[459,460,461,462,294,523],"class_list":["post-24855","post","type-post","status-publish","format-standard","has-post-thumbnail","hentry","category-bgc-news-fr","tag-activisme","tag-changements-climatiques","tag-environnement","tag-jeunes-militants","tag-leadership","tag-pdg"],"acf":[],"aioseo_notices":[],"_links":{"self":[{"href":"https:\/\/www.bgccan.com\/fr\/wp-json\/wp\/v2\/posts\/24855","targetHints":{"allow":["GET"]}}],"collection":[{"href":"https:\/\/www.bgccan.com\/fr\/wp-json\/wp\/v2\/posts"}],"about":[{"href":"https:\/\/www.bgccan.com\/fr\/wp-json\/wp\/v2\/types\/post"}],"author":[{"embeddable":true,"href":"https:\/\/www.bgccan.com\/fr\/wp-json\/wp\/v2\/users\/11"}],"replies":[{"embeddable":true,"href":"https:\/\/www.bgccan.com\/fr\/wp-json\/wp\/v2\/comments?post=24855"}],"version-history":[{"count":1,"href":"https:\/\/www.bgccan.com\/fr\/wp-json\/wp\/v2\/posts\/24855\/revisions"}],"predecessor-version":[{"id":90609,"href":"https:\/\/www.bgccan.com\/fr\/wp-json\/wp\/v2\/posts\/24855\/revisions\/90609"}],"wp:featuredmedia":[{"embeddable":true,"href":"https:\/\/www.bgccan.com\/fr\/wp-json\/wp\/v2\/media\/89254"}],"wp:attachment":[{"href":"https:\/\/www.bgccan.com\/fr\/wp-json\/wp\/v2\/media?parent=24855"}],"wp:term":[{"taxonomy":"category","embeddable":true,"href":"https:\/\/www.bgccan.com\/fr\/wp-json\/wp\/v2\/categories?post=24855"},{"taxonomy":"post_tag","embeddable":true,"href":"https:\/\/www.bgccan.com\/fr\/wp-json\/wp\/v2\/tags?post=24855"}],"curies":[{"name":"wp","href":"https:\/\/api.w.org\/{rel}","templated":true}]}}