{"id":51910,"date":"2020-06-21T07:00:20","date_gmt":"2020-06-21T11:00:20","guid":{"rendered":"https:\/\/www.bgccan.com\/?p=51910"},"modified":"2026-04-22T21:18:35","modified_gmt":"2026-04-22T21:18:35","slug":"voici-ode-notre-ambassadeur-de-la-reconciliation","status":"publish","type":"post","link":"https:\/\/www.bgccan.com\/fr\/voici-ode-notre-ambassadeur-de-la-reconciliation\/","title":{"rendered":"Voici Ode\u2019, notre ambassadeur(rice) de la r\u00e9conciliation"},"content":{"rendered":"<p><img decoding=\"async\" src=\"https:\/\/www.bgccan.com\/wp-content\/uploads\/2020\/06\/Ode-9.jpg\" \/><\/p>\n<p>Bozhoo (Bonjour)! Mon nom est Ode\u2019 et j\u2019utilise le pronom iel. Je suis Anishinaabe et je parle Ojibwe, fran\u00e7ais et anglais. J\u2019ai 5 ans et je suis finissant.e en maternelle. Je fr\u00e9quente aussi les Repaires jeunesse! Je vis avec ma Nookomis (grand-m\u00e8re) et elle m\u2019enseigne toutes sortes de choses sur mes anc\u00eatres, notre langue et ma relation avec la terre.<\/p>\n<p>Ces jours-ci, je passe la majeure partie de mon temps \u00e0 Toronto, qui est situ\u00e9e sur les territoires traditionnels de nombreuses nations telles que les peuples Mississaugas de Credit, Anishnaabeg, Chippewa, Haudenosaunee et Wendat.<\/p>\n<p>J\u2019adore passer du temps \u00e0 l\u2019ext\u00e9rieur et observer le monde autour de moi. P\u00eacher et cueillir des fruits sont deux de mes activit\u00e9s pr\u00e9f\u00e9r\u00e9es. La terre m\u2019a appris beaucoup de le\u00e7ons, comme l\u2019importance de respecter toutes les choses et tout le monde autour de nous, qu\u2019ils soient minuscules ou gigantesques.<\/p>\n<p>J\u2019ai beaucoup d\u2019ami.es qui fr\u00e9quentent des Repaires jeunesse partout \u00e0 travers le pays. Mes ami.es sont comme ma famille et c\u2019est important pour moi de leur parler de v\u00e9rit\u00e9 et de r\u00e9conciliation, parce qu\u2019on a tous un r\u00f4le \u00e0 jouer.<\/p>\n<p>Je crois que tout le monde a le droit d\u2019\u00eatre aim\u00e9 et prot\u00e9g\u00e9 \u00e0 toutes les \u00e9tapes de la vie. Aucun humain ni ourson ne devrait se voir refuser l&rsquo;acc\u00e8s \u00e0 ce dont iel a besoin pour s\u2019\u00e9panouir et devenir la meilleure version de iel-m\u00eame.<\/p>\n<p><img loading=\"lazy\" decoding=\"async\" class=\"\" src=\"https:\/\/bgc2021.innermostdigital.com\/wp-content\/uploads\/2022\/05\/Ode-10.jpg\" width=\"289\" height=\"385\" \/> \u00a0 <img loading=\"lazy\" decoding=\"async\" class=\"\" src=\"https:\/\/bgc2021.innermostdigital.com\/wp-content\/uploads\/2022\/05\/Ode-15.jpg\" width=\"341\" height=\"385\" \/>\u00a0 <img loading=\"lazy\" decoding=\"async\" class=\"\" src=\"https:\/\/bgc2021.innermostdigital.com\/wp-content\/uploads\/2022\/05\/Ode-13.jpg\" width=\"287\" height=\"383\" \/><\/p>\n<p>Ode\u2019 fait partie du programme <a href=\"https:\/\/fncaringsociety.com\/fr\/oursons-ambassadeurs-de-la-reconciliation\">Ambassadeurs de la r\u00e9conciliation<\/a>, mis sur pied par nos amis de la Soci\u00e9t\u00e9 de soutien \u00e0 l\u2019enfance et \u00e0 la famille des Premi\u00e8res Nations du Canada.<\/p>\n<p>Merci au <a href=\"https:\/\/www.bgccan.com\/fr\/who-we-are\/notre-equipe\/#conseil-national-des-jeunes\" target=\"_blank\" rel=\"noopener\">Conseil national des jeunes<\/a> de Repaires jeunesse du Canada de collaborer avec Ode&rsquo;!<\/p>\n<p>Restez \u00e0 l\u2019aff\u00fbt pour ne manquer aucun billet de blogue de Ode\u2019 alors qu\u2019iel guide les Repaires jeunesse sur le chemin de la v\u00e9rit\u00e9 et la r\u00e9conciliation tout au long de la prochaine ann\u00e9e.<\/p>\n","protected":false},"excerpt":{"rendered":"<p>Bozhoo (Bonjour)! Mon nom est Ode\u2019 et j\u2019utilise le pronom iel. Je suis Anishinaabe et je parle Ojibwe, fran\u00e7ais et anglais. J\u2019ai 5 ans et je suis finissant.e en maternelle. Je fr\u00e9quente aussi les Repaires jeunesse! Je vis avec ma Nookomis (grand-m\u00e8re) et elle m\u2019enseigne toutes sortes de choses sur mes anc\u00eatres, notre langue et [&hellip;]<\/p>\n","protected":false},"author":11,"featured_media":89111,"comment_status":"open","ping_status":"open","sticky":false,"template":"","format":"standard","meta":{"_acf_changed":false,"footnotes":""},"categories":[169],"tags":[894,744,897,895,896,505,508],"class_list":["post-51910","post","type-post","status-publish","format-standard","has-post-thumbnail","hentry","category-bgc-news-fr","tag-ambassadeurs-de-la-reconciliation","tag-journee-nationale-des-peuples-autochtones","tag-ode","tag-ourson-ambassadeur","tag-societe-de-soutien-a-lenfance-et-a-la-famille-des-premieres-nations-du-canada","tag-truth-and-reconciliation","tag-verite-et-reconciliation"],"acf":[],"aioseo_notices":[],"_links":{"self":[{"href":"https:\/\/www.bgccan.com\/fr\/wp-json\/wp\/v2\/posts\/51910","targetHints":{"allow":["GET"]}}],"collection":[{"href":"https:\/\/www.bgccan.com\/fr\/wp-json\/wp\/v2\/posts"}],"about":[{"href":"https:\/\/www.bgccan.com\/fr\/wp-json\/wp\/v2\/types\/post"}],"author":[{"embeddable":true,"href":"https:\/\/www.bgccan.com\/fr\/wp-json\/wp\/v2\/users\/11"}],"replies":[{"embeddable":true,"href":"https:\/\/www.bgccan.com\/fr\/wp-json\/wp\/v2\/comments?post=51910"}],"version-history":[{"count":1,"href":"https:\/\/www.bgccan.com\/fr\/wp-json\/wp\/v2\/posts\/51910\/revisions"}],"predecessor-version":[{"id":90577,"href":"https:\/\/www.bgccan.com\/fr\/wp-json\/wp\/v2\/posts\/51910\/revisions\/90577"}],"wp:featuredmedia":[{"embeddable":true,"href":"https:\/\/www.bgccan.com\/fr\/wp-json\/wp\/v2\/media\/89111"}],"wp:attachment":[{"href":"https:\/\/www.bgccan.com\/fr\/wp-json\/wp\/v2\/media?parent=51910"}],"wp:term":[{"taxonomy":"category","embeddable":true,"href":"https:\/\/www.bgccan.com\/fr\/wp-json\/wp\/v2\/categories?post=51910"},{"taxonomy":"post_tag","embeddable":true,"href":"https:\/\/www.bgccan.com\/fr\/wp-json\/wp\/v2\/tags?post=51910"}],"curies":[{"name":"wp","href":"https:\/\/api.w.org\/{rel}","templated":true}]}}