{"id":66055,"date":"2020-12-07T13:39:11","date_gmt":"2020-12-07T18:39:11","guid":{"rendered":"https:\/\/www.bgccan.com\/?p=66055"},"modified":"2026-04-24T21:37:05","modified_gmt":"2026-04-24T21:37:05","slug":"rjc-salue-linvestissement-federal-dans-la-jeunesse-la-garde-denfants-et-dautres-mesures-sociales-pour-les-familles","status":"publish","type":"post","link":"https:\/\/www.bgccan.com\/fr\/rjc-salue-linvestissement-federal-dans-la-jeunesse-la-garde-denfants-et-dautres-mesures-sociales-pour-les-familles\/","title":{"rendered":"Repaires jeunesse du Canada salue l&rsquo;investissement f\u00e9d\u00e9ral dans la jeunesse, la garde d&rsquo;enfants et d&rsquo;autres mesures sociales qui profiteront aux familles"},"content":{"rendered":"<p><strong>30 novembre 2020<\/strong>\u2014Repaires jeunesse du Canada salue les investissements imm\u00e9diats et la planification strat\u00e9gique \u00e0 long terme du government f\u00e9d\u00e9ral, qui ont \u00e9t\u00e9 pr\u00e9cis\u00e9s dans l&rsquo;\u00e9nonc\u00e9 \u00e9conomique de l&rsquo;automne (\u00c9\u00c9A). L&rsquo;\u00c9\u00c9A met l&rsquo;accent sur de nombreuses priorit\u00e9s capitales qui b\u00e9n\u00e9ficieront aux enfants, aux adolescents et aux familles d\u00e8s maintenant et dans la perspective de la reprise \u00e9conomique et sociale:<\/p>\n<ul>\n<li><strong>Services de garde<\/strong>\u2014\u00c0 titre d&rsquo;important fournisseur de services de garde et de programmes accessibles, s\u00e9curitaires et de haute qualit\u00e9 pour les enfants et les ados, nous soutenons pleinement l&rsquo;approche progressive visant \u00e0 mettre en place un syst\u00e8me de garde d&rsquo;enfants qui priorise le d\u00e9veloppement de l&rsquo;enfant, l&#8217;emploi des femmes qui sont m\u00e8res, ainsi qu&rsquo;aux Canadiens qui travaillent dans le secteur de la garde d&rsquo;enfants, principalement des femmes et des personnes racis\u00e9es. Les Repaires jeunesse appuient la cr\u00e9ation d&rsquo;un Secr\u00e9tariat f\u00e9d\u00e9ral sur l&rsquo;apprentissage et la garde des jeunes enfants et les investissements dans la main-d&rsquo;\u0153uvre, et continueront \u00e0 travailler en \u00e9troite collaboration avec tous les niveaux de gouvernement pour soutenir un syst\u00e8me de garde d&rsquo;enfants de haute qualit\u00e9, flexible et accessible qui implique pleinement le travail des prestataires \u00e0 but non lucratif.<\/li>\n<li><strong>Emploi jeunesse<\/strong>\u2014Repaires jeunesse du Canada accueillent favorablement l&rsquo;important nouvel investissement et la flexibilit\u00e9 continue, du programme Emplois d&rsquo;\u00e9t\u00e9 Canada (E\u00c9C) et de la Strat\u00e9gie emploi et comp\u00e9tences jeunesse, plus vaste. Les jeunes, en particulier ceux qui sont confront\u00e9s \u00e0 des obstacles multiples et crois\u00e9s, ont besoin d&rsquo;un soutien pour se pr\u00e9parer et trouver un emploi int\u00e9ressant, surtout sur le march\u00e9 du travail actuel, qui est extr\u00eamement difficile. Permettre des postes \u00e0 temps partiel et des dates de fin de placement en dehors des mois d&rsquo;\u00e9t\u00e9 aidera les jeunes vuln\u00e9rables \u00e0 acc\u00e9der \u00e0 ce programme, tout en offrant aux employeurs la flexibilit\u00e9 dont ils ont besoin. Nous continuons d&rsquo;exprimer notre soutien \u00e0 la transformation du programme Emplois d&rsquo;\u00e9t\u00e9 Canada en un programme d&#8217;emplois pour les jeunes qui s&rsquo;applique toute l&rsquo;ann\u00e9e.\u00a0<\/li>\n<li><strong>Logement<\/strong>\u2014En fournissant une aide au logement et de l&rsquo;h\u00e9bergement de transition, nos Repaires jeunesse sont \u00e0 m\u00eame de constater l&rsquo;importance d&rsquo;une approche Logement d&rsquo;abord et saluent l&rsquo;investissement suppl\u00e9mentaire significatif dans l&rsquo;Initiative pour la cr\u00e9ation rapide de logements.<\/li>\n<li><strong>Soutien direct pour les familles<\/strong>\u2014Repaires jeunesse du Canada soutient l&rsquo;engagement du gouvernement f\u00e9d\u00e9ral de fournir jusqu&rsquo;\u00e0 1 200$ aux familles ayant des enfants de moins de 6 ans qui remplissent les conditions requises pour b\u00e9n\u00e9ficier de la Prestation canadienne pour enfants, en aidant ceux qui en ont le plus besoin. Nous continuerons \u00e0 travailler avec le gouvernement f\u00e9d\u00e9ral pour faire en sorte que toutes les familles \u00e0 faible revenu aient acc\u00e8s \u00e0 la Prestation canadienne pour enfants.<\/li>\n<li><strong>Subvention salariale d&rsquo;urgence du Canada (SSUC)<\/strong>\u2014Des Repaires jeunesse partout au pays ont b\u00e9n\u00e9fici\u00e9 de la SSUC et nous remercions le gouvernement du Canada d&rsquo;avoir propos\u00e9 une prolongation du programme et augment\u00e9 le taux de la subvention.<\/li>\n<\/ul>\n<p>\u00ab La COVID-19 a eu des cons\u00e9quences importantes et in\u00e9gales sur les enfants, les ados et les familles; bien trop de familles sont en difficult\u00e9, et les jeunes sont confront\u00e9s \u00e0 des facteurs de stress et des obstacles sans pr\u00e9c\u00e9dent. Nous f\u00e9licitons le gouvernent f\u00e9d\u00e9ral d&rsquo;avoir investi davantage dans la prochaine g\u00e9n\u00e9ration, et nous sommes ravis de constater les engagements importants qui ont \u00e9t\u00e9 pris en faveur des enfants, des adolescents, des communaut\u00e9s et des familles. \u00bb<\/p>\n<p>\u2014Owen Charters, Pr\u00e9sident-directeur g\u00e9n\u00e9ral, Repaires jeunesse du Canada<\/p>\n<p style=\"text-align: center;\">###<\/p>\n<p style=\"text-align: left;\"><strong>Relations avec les\u00a0m\u00e9dias: <\/strong><\/p>\n<p>B\u00e9atrice Savoie-Frenette, Responsable des communications, Services francophones<br \/><a href=\"mailto:bsavoiefrenette@bgccan.com\">bsavoiefrenette@bgccan.com<\/a><br \/>438.888.6148<\/p>\n","protected":false},"excerpt":{"rendered":"<p>30 novembre 2020\u2014Repaires jeunesse du Canada salue les investissements imm\u00e9diats et la planification strat\u00e9gique \u00e0 long terme du government f\u00e9d\u00e9ral, qui ont \u00e9t\u00e9 pr\u00e9cis\u00e9s dans l&rsquo;\u00e9nonc\u00e9 \u00e9conomique de l&rsquo;automne (\u00c9\u00c9A). L&rsquo;\u00c9\u00c9A met l&rsquo;accent sur de nombreuses priorit\u00e9s capitales qui b\u00e9n\u00e9ficieront aux enfants, aux adolescents et aux familles d\u00e8s maintenant et dans la perspective de la [&hellip;]<\/p>\n","protected":false},"author":11,"featured_media":0,"comment_status":"closed","ping_status":"open","sticky":false,"template":"","format":"standard","meta":{"_acf_changed":false,"footnotes":""},"categories":[169],"tags":[771,523],"class_list":["post-66055","post","type-post","status-publish","format-standard","hentry","category-bgc-news-fr","tag-clubs","tag-pdg"],"acf":[],"aioseo_notices":[],"_links":{"self":[{"href":"https:\/\/www.bgccan.com\/fr\/wp-json\/wp\/v2\/posts\/66055","targetHints":{"allow":["GET"]}}],"collection":[{"href":"https:\/\/www.bgccan.com\/fr\/wp-json\/wp\/v2\/posts"}],"about":[{"href":"https:\/\/www.bgccan.com\/fr\/wp-json\/wp\/v2\/types\/post"}],"author":[{"embeddable":true,"href":"https:\/\/www.bgccan.com\/fr\/wp-json\/wp\/v2\/users\/11"}],"replies":[{"embeddable":true,"href":"https:\/\/www.bgccan.com\/fr\/wp-json\/wp\/v2\/comments?post=66055"}],"version-history":[{"count":1,"href":"https:\/\/www.bgccan.com\/fr\/wp-json\/wp\/v2\/posts\/66055\/revisions"}],"predecessor-version":[{"id":90813,"href":"https:\/\/www.bgccan.com\/fr\/wp-json\/wp\/v2\/posts\/66055\/revisions\/90813"}],"wp:attachment":[{"href":"https:\/\/www.bgccan.com\/fr\/wp-json\/wp\/v2\/media?parent=66055"}],"wp:term":[{"taxonomy":"category","embeddable":true,"href":"https:\/\/www.bgccan.com\/fr\/wp-json\/wp\/v2\/categories?post=66055"},{"taxonomy":"post_tag","embeddable":true,"href":"https:\/\/www.bgccan.com\/fr\/wp-json\/wp\/v2\/tags?post=66055"}],"curies":[{"name":"wp","href":"https:\/\/api.w.org\/{rel}","templated":true}]}}