{"id":77527,"date":"2022-08-12T09:30:51","date_gmt":"2022-08-12T13:30:51","guid":{"rendered":"https:\/\/www.bgccan.com\/?p=77527"},"modified":"2026-04-01T16:01:46","modified_gmt":"2026-04-01T16:01:46","slug":"declaration-de-la-journee-internationale-de-la-jeunesse-par-le-conseil-national-des-jeunes-cnj-du-bgc","status":"publish","type":"post","link":"https:\/\/www.bgccan.com\/fr\/declaration-de-la-journee-internationale-de-la-jeunesse-par-le-conseil-national-des-jeunes-cnj-du-bgc\/","title":{"rendered":"D\u00e9claration de la Journ\u00e9e internationale de la jeunesse par le Conseil national des jeunes (CNJ) du BGC"},"content":{"rendered":"<p>Le Conseil national des jeunes d\u00e9fend les int\u00e9r\u00eats des milliers de jeunes que sert BGC Canada partout au Canada. Il vise \u00e0 faire entendre la voix des jeunes en abordant divers d\u00e9fis socio-\u00e9conomiques qui se pr\u00e9sentent d\u2019un bout \u00e0 l\u2019autre du pays. En veillant \u00e0 ce que la contribution des jeunes soit prise en compte dans les initiatives et les activit\u00e9s nationales, les membres du Conseil national des jeunes agissent \u00e0 titre d\u2019ambassadeurs et de mod\u00e8les pour les autres enfants et ados de l\u2019organisation. Notre objectif est d\u2019avoir une influence positive sur la prise de d\u00e9cision concernant diff\u00e9rents sujets qui touchent les jeunes afin de cr\u00e9er un environnement meilleur et plus s\u00fbr dans le monde entier pour la jeunesse canadienne.<\/p>\n<p>C\u2019est aujourd\u2019hui qu\u2019a lieu la Journ\u00e9e internationale de la jeunesse. Cette journ\u00e9e vise \u00e0 rappeler l\u2019importance d\u2019investir dans la jeunesse d\u2019aujourd\u2019hui afin de disposer des outils et des comp\u00e9tences n\u00e9cessaires pour cr\u00e9er un avenir meilleur pour le Canada. En cette Journ\u00e9e internationale de la jeunesse, il est important de souligner les d\u00e9fis croissants en mati\u00e8re de sant\u00e9 mentale auxquels font face les jeunes du Canada, surtout alors que nous entamons la p\u00e9riode post-pand\u00e9mique. Il est essentiel d\u2019aborder ces questions afin de comprendre comment agir en terrain plut\u00f4t inconnu, o\u00f9 la pand\u00e9mie a eu de graves cons\u00e9quences sur notre sant\u00e9 mentale et physique.<\/p>\n<p>Selon Statistique Canada, les plus grands reculs en mati\u00e8re de sant\u00e9 mentale depuis le d\u00e9but de la pand\u00e9mie ont \u00e9t\u00e9 observ\u00e9s chez les jeunes. Ceux qui connaissaient d\u00e9j\u00e0 des probl\u00e8mes de sant\u00e9 mentale avant la COVID-19 ont \u00e9t\u00e9 encore plus touch\u00e9s par la crise sanitaire. Un rapport de Statistique Canada montre que les jeunes sont moins susceptibles que les autres groupes d\u2019\u00e2ge de d\u00e9clarer \u00eatre en bonne sant\u00e9 mentale, et que c\u2019est chez ce groupe d\u2019\u00e2ge que les plus fortes baisses ont \u00e9t\u00e9 observ\u00e9es en mati\u00e8re d\u2019auto\u00e9valuation de la sant\u00e9 mentale depuis la pand\u00e9mie. En effet, seuls 42\u00a0% des jeunes ont d\u00e9clar\u00e9 \u00eatre en excellente ou en tr\u00e8s bonne sant\u00e9 mentale<a href=\"\/#_ftn1\" name=\"_ftnref1\">[1]<\/a>.\u00a0 On estime que la maladie mentale touche environ 1,2 million de nos enfants et adolescents. Pourtant, moins de 20\u00a0% d\u2019entre eux re\u00e7oivent un traitement appropri\u00e9<a href=\"\/#_ftn2\" name=\"_ftnref2\">[2]<\/a>. Il existe plusieurs risques \u00e0 court et \u00e0 long terme associ\u00e9s aux probl\u00e8mes de sant\u00e9 mentale chez les jeunes. On peut penser aux risques li\u00e9s \u00e0 la sant\u00e9 ou au comportement, notamment au risque accru de consommation de drogues, de violence et d\u2019autres habitudes prises \u00e0 l\u2019adolescence qui nuisent au d\u00e9veloppement des jeunes jusqu\u2019\u00e0 l\u2019\u00e2ge adulte. Par cons\u00e9quent, de plus en plus de donn\u00e9es probantes \u00e0 l\u2019\u00e9chelle internationale d\u00e9montrent que les initiatives de promotion, de pr\u00e9vention et d\u2019intervention pr\u00e9coce ont de bons r\u00e9sultats<a href=\"\/#_ftn3\" name=\"_ftnref3\">[3]<\/a>.<\/p>\n<p>En outre, les troubles de sant\u00e9 mentale (particuli\u00e8rement la d\u00e9pression) sont fortement associ\u00e9s au risque, \u00e0 l\u2019apparition, \u00e0 la gestion et \u00e0 la progression de maladies chroniques et de graves probl\u00e8mes de sant\u00e9<a href=\"\/#_ftn4\" name=\"_ftnref4\">[4]<\/a>. Sans intervention, les cons\u00e9quences peuvent \u00eatre d\u00e9vastatrices. Dans un rapport r\u00e9cent, le suicide a \u00e9t\u00e9 enregistr\u00e9 comme la deuxi\u00e8me cause de d\u00e9c\u00e8s chez les jeunes \u00e2g\u00e9s de 15\u00a0\u00e0 24\u00a0ans<a href=\"\/#_ftn5\" name=\"_ftnref5\">[5]<\/a>. Les jeunes Autochtones sont encore plus vuln\u00e9rables, le taux de suicide chez ceux-ci \u00e9tant environ 5 \u00e0 6\u00a0fois plus \u00e9lev\u00e9 que chez les jeunes non autochtones<a href=\"\/#_ftn6\" name=\"_ftnref6\">[6]<\/a>. Il faut donc lancer un appel \u00e0 l\u2019action pour mieux prot\u00e9ger nos jeunes et r\u00e9duire le nombre de suicides dans tout le pays. Cela n\u00e9cessitera une sensibilisation accrue, une pression pour une r\u00e9forme gouvernementale et une am\u00e9lioration des programmes de sant\u00e9 mentale existants pour les jeunes du Canada.<\/p>\n<p>Selon le <em>Canadian Journal of Psychiatry<\/em>, la seule solution pour y arriver est la \u00ab\u00a0cr\u00e9ation d\u2019un syst\u00e8me v\u00e9ritablement transform\u00e9 de soins de sant\u00e9 mentale pour les jeunes, int\u00e9gr\u00e9 au syst\u00e8me actuel plus vaste\u00a0\u00bb. Il pourrait s\u2019agir notamment de services essentiels sp\u00e9cialement con\u00e7us pour les jeunes afin de r\u00e9pondre aux \u00ab\u00a0besoins multiples en mati\u00e8re de sant\u00e9 (physique, sexuelle et mentale), de consommation de substances et de troubles mentaux \u00e9mergents\u00a0\u00bb<a href=\"\/#_ftn7\" name=\"_ftnref7\">[7]<\/a>.<\/p>\n<p><strong>Recommandations<\/strong><\/p>\n<p>La phrase \u00ab\u00a0<em>les<\/em> <em>jeunes d\u2019aujourd\u2019hui sont les leaders de demain\u00a0\u00bb<\/em> est souvent cit\u00e9e par le gouvernement, mais rarement prise en compte dans les politiques. Le Conseil national de la jeunesse recommande donc une augmentation des investissements dans le soutien \u00e0 la sant\u00e9 mentale des jeunes. Voici ce qui pourrait \u00eatre fait\u00a0:<\/p>\n<ul>\n<li>Augmenter le financement des programmes communautaires afin de rendre les th\u00e9rapies et les autres programmes de sant\u00e9 mentale plus accessibles aux jeunes, en veillant \u00e0 ce que ces programmes puissent r\u00e9pondre \u00e0 la demande et soient abordables.<\/li>\n<li>Tous les paliers de gouvernement doivent reconna\u00eetre l\u2019importance de d\u00e9stigmatiser la sant\u00e9 mentale afin que les jeunes des Clubs BGC et de tout le pays puissent recevoir l\u2019aide dont ils ont besoin.<\/li>\n<li>Am\u00e9liorer l\u2019acc\u00e8s \u00e0 la formation aux premiers soins en sant\u00e9 mentale pour les travailleurs de premi\u00e8re ligne afin qu\u2019ils puissent offrir aux jeunes un meilleur soutien en sant\u00e9 mentale dans le cadre des programmes existants. En formant le personnel de diff\u00e9rentes organisations comme les Clubs BGC, nous pouvons cr\u00e9er un environnement dans lequel les travailleurs sont mieux outill\u00e9s pour parler de sant\u00e9 mentale aux jeunes et les orienter vers des services, brisant ainsi le cycle de la stigmatisation de la sant\u00e9 mentale.<\/li>\n<li>Reconna\u00eetre qu\u2019il n\u2019existe pas qu\u2019une seule bonne approche du soutien en mati\u00e8re de sant\u00e9 mentale. En effet, les troubles de sant\u00e9 mentale touchent diff\u00e9rents groupes d\u00e9mographiques vuln\u00e9rables, notamment les jeunes marginalis\u00e9s et racis\u00e9s, et ce, de mani\u00e8re diff\u00e9rente. Par cons\u00e9quent, les services doivent \u00eatre con\u00e7us pour r\u00e9pondre aux besoins uniques des jeunes souffrant de d\u00e9tresse psychologique \u00ab\u00a0tout en tenant compte de leurs r\u00e9alit\u00e9s culturelles, historiques et g\u00e9ographiques\u00a0\u00bb.<\/li>\n<\/ul>\n<p>Sans le soutien du gouvernement \u00e0 l\u2019\u00e9gard de cette crise de la sant\u00e9 mentale, les jeunes de tout le pays continueront \u00e0 faire face \u00e0 de nombreuses difficult\u00e9s. En soutenant la lutte pour la r\u00e9forme de la sant\u00e9 mentale, nous pouvons commencer \u00e0 assurer un avenir meilleur aux jeunes, ce qui entra\u00eenera des am\u00e9liorations relatives \u00e0 la scolarit\u00e9, \u00e0 l\u2019emploi, au bien-\u00eatre familial et \u00e0 la qualit\u00e9 de vie globale pour les jeunes de tout le Canada.<\/p>\n<p>Sinc\u00e8rement,<\/p>\n<p>Conseil national des jeunes du BGC<\/p>\n<p><img decoding=\"async\" src=\"https:\/\/www.bgccan.com\/wp-content\/uploads\/2022\/08\/nyc-3.jpg\" \/><img decoding=\"async\" src=\"https:\/\/www.bgccan.com\/wp-content\/uploads\/2022\/08\/nyc-2.jpg\" \/><img decoding=\"async\" src=\"https:\/\/www.bgccan.com\/wp-content\/uploads\/2022\/08\/3.png\" \/><\/p>\n<p><a href=\"\/#_ftnref1\" name=\"_ftn1\">[1]<\/a> Statistique Canada\u00a0: <a href=\"https:\/\/www150.statcan.gc.ca\/n1\/pub\/45-28-0001\/2020001\/article\/00003-fra.htm\">https:\/\/www150.statcan.gc.ca\/n1\/pub\/45-28-0001\/2020001\/article\/00003-fra.htm<\/a><\/p>\n<p><a href=\"\/#_ftnref2\" name=\"_ftn2\">[2]<\/a> <em>Commission de la sant\u00e9 mentale du Canada\u00a0: <\/em><a href=\"https:\/\/commissionsantementale.ca\/ce-que-nous-faisons\/enfants-et-jeunes\/\">https:\/\/commissionsantementale.ca\/ce-que-nous-faisons\/enfants-et-jeunes\/<\/a><\/p>\n<p><a href=\"\/#_ftnref3\" name=\"_ftn3\">[3]<\/a> <em>Roberts et Grimes (2011). Rendement du capital investi\u00a0: Promotion de la sant\u00e9 mentale et pr\u00e9vention de la maladie mentale. Un rapport du R\u00e9seau canadien de politiques \/ Institut canadien d\u2019information sur la sant\u00e9. Ottawa\u00a0: ICIS. Commission de la sant\u00e9 mentale du Canada (2014). Pourquoi investir en sant\u00e9 mentale contribue \u00e0 la prosp\u00e9rit\u00e9 \u00e9conomique du Canada et \u00e0 la p\u00e9rennit\u00e9 de notre syst\u00e8me de soins de sant\u00e9 Adresse URL\u00a0: http:\/\/www.mentalhealthcommission.ca<\/em><\/p>\n<p><a href=\"\/#_ftnref4\" name=\"_ftn4\">[4]<\/a> Office of Disease Prevention and Health Promotion\u00a0: <a href=\"https:\/\/www.healthypeople.gov\/2020\/leading-health-indicators\/2020-lhi-topics\/Mental-Health#:~:text=Evidence%20has%20shown%20that%20mental,%2C2%2C%203%20and%20cancer\">https:\/\/www.healthypeople.gov\/2020\/leading-health-indicators\/2020-lhi-topics\/Mental-Health#:~:text=Evidence%20has%20shown%20that%20mental,%2C2%2C%203%20and%20cancer<\/a>.<\/p>\n<p><a href=\"\/#_ftnref5\" name=\"_ftn5\">[5]<\/a> <em>Statistique Canada (2018). D\u00e9c\u00e8s et taux de mortalit\u00e9 par groupe d\u2019\u00e2ge, selon certains groupes de causes, Canada, 2016. Tableau\u00a0: 13-10-0392-01<\/em><\/p>\n<p><a href=\"\/#_ftnref6\" name=\"_ftn6\">[6]<\/a> <em>Sant\u00e9 Canada (2015). Sant\u00e9 mentale et mieux-\u00eatre des Premi\u00e8res Nations et des Inuits. <\/em><em>Adresse URL\u00a0:<\/em><a href=\"https:\/\/www.sac-isc.gc.ca\/fra\/1576089278958\/1576089333975\"> https:\/\/www.sac-isc.gc.ca\/fra\/1576089278958\/1576089333975<\/a><em>.<\/em><\/p>\n<p><a href=\"\/#_ftnref7\" name=\"_ftn7\">[7]<\/a> Youth Mental Health Should be a Top Priority for Health Care in Canada\u00a0: <a href=\"https:\/\/journals.sagepub.com\/doi\/10.1177\/0706743718758968\">https:\/\/journals.sagepub.com\/doi\/10.1177\/0706743718758968<\/a><\/p>\n","protected":false},"excerpt":{"rendered":"<p>Le Conseil national des jeunes d\u00e9fend les int\u00e9r\u00eats des milliers de jeunes que sert BGC Canada partout au Canada. Il vise \u00e0 faire entendre la voix des jeunes en abordant divers d\u00e9fis socio-\u00e9conomiques qui se pr\u00e9sentent d\u2019un bout \u00e0 l\u2019autre du pays. En veillant \u00e0 ce que la contribution des jeunes soit prise en compte [&hellip;]<\/p>\n","protected":false},"author":1,"featured_media":0,"comment_status":"closed","ping_status":"closed","sticky":false,"template":"","format":"standard","meta":{"_acf_changed":false,"footnotes":""},"categories":[169],"tags":[266,503,270],"class_list":["post-77527","post","type-post","status-publish","format-standard","hentry","category-bgc-news-fr","tag-conseil-national-des-jeunes","tag-national-youth-council","tag-sante-mentale"],"acf":[],"aioseo_notices":[],"_links":{"self":[{"href":"https:\/\/www.bgccan.com\/fr\/wp-json\/wp\/v2\/posts\/77527","targetHints":{"allow":["GET"]}}],"collection":[{"href":"https:\/\/www.bgccan.com\/fr\/wp-json\/wp\/v2\/posts"}],"about":[{"href":"https:\/\/www.bgccan.com\/fr\/wp-json\/wp\/v2\/types\/post"}],"author":[{"embeddable":true,"href":"https:\/\/www.bgccan.com\/fr\/wp-json\/wp\/v2\/users\/1"}],"replies":[{"embeddable":true,"href":"https:\/\/www.bgccan.com\/fr\/wp-json\/wp\/v2\/comments?post=77527"}],"version-history":[{"count":0,"href":"https:\/\/www.bgccan.com\/fr\/wp-json\/wp\/v2\/posts\/77527\/revisions"}],"wp:attachment":[{"href":"https:\/\/www.bgccan.com\/fr\/wp-json\/wp\/v2\/media?parent=77527"}],"wp:term":[{"taxonomy":"category","embeddable":true,"href":"https:\/\/www.bgccan.com\/fr\/wp-json\/wp\/v2\/categories?post=77527"},{"taxonomy":"post_tag","embeddable":true,"href":"https:\/\/www.bgccan.com\/fr\/wp-json\/wp\/v2\/tags?post=77527"}],"curies":[{"name":"wp","href":"https:\/\/api.w.org\/{rel}","templated":true}]}}