{"id":77673,"date":"2022-09-09T17:06:17","date_gmt":"2022-09-09T21:06:17","guid":{"rendered":"https:\/\/www.bgccan.com\/?p=77673"},"modified":"2026-04-01T15:50:26","modified_gmt":"2026-04-01T15:50:26","slug":"nous-partageons-le-deuil-de-sa-majeste-la-reine-elizabeth-ii-et-offrons-nos-plus-sinceres-condoleances-a-la-famille-royale","status":"publish","type":"post","link":"https:\/\/www.bgccan.com\/fr\/nous-partageons-le-deuil-de-sa-majeste-la-reine-elizabeth-ii-et-offrons-nos-plus-sinceres-condoleances-a-la-famille-royale\/","title":{"rendered":"Nous partageons le deuil de Sa Majest\u00e9 la Reine Elizabeth II et offrons nos plus sinc\u00e8res condol\u00e9ances \u00e0 la famille royale"},"content":{"rendered":"<p><img decoding=\"async\" src=\"https:\/\/www.bgccan.com\/wp-content\/uploads\/2022\/09\/Queen-Elizabeth-II-.png\" \/><\/p>\n<p><strong>Pour beaucoup, le 8 septembre 2022 a \u00e9t\u00e9 un bien triste jour. Le d\u00e9c\u00e8s d\u2019une chef d\u2019\u00c9tat du Canada est un \u00e9v\u00e9nement sans pr\u00e9c\u00e9dent dans nos vies.<\/strong><\/p>\n<p>BGC Canada b\u00e9n\u00e9ficie d\u2019un patronage vice-royal depuis ses d\u00e9buts. Son Excellence, la tr\u00e8s honorable Mary Simon, premi\u00e8re gouverneure g\u00e9n\u00e9rale autochtone du Canada, est notre lien avec le chef d\u2019\u00c9tat.<\/p>\n<p>C\u2019est sur le site Web de la gouverneure g\u00e9n\u00e9rale du Canada que vous pouvez acc\u00e9der aux \u00e9v\u00e9nements comm\u00e9moratifs, livres de condol\u00e9ances et autres hommages en souvenir de la Reine Elizabeth\u00a0:\u00a0<a href=\"https:\/\/www.gg.ca\/fr\" target=\"_blank\" rel=\"noopener\">https:\/\/www.gg.ca\/fr<\/a><\/p>\n<p>Comme chaque fois qu\u2019une personne importante s\u2019\u00e9teint, rappelons-nous l\u2019exemple de service public, l\u2019appel \u00e0 agir de notre mieux pour les autres, \u00e0 construire des communaut\u00e9s et \u00e0 partager nos ambitions.<\/p>\n<p>Qu\u2019elle repose en paix.<\/p>\n","protected":false},"excerpt":{"rendered":"<p>Pour beaucoup, le 8 septembre 2022 a \u00e9t\u00e9 un bien triste jour. Le d\u00e9c\u00e8s d\u2019une chef d\u2019\u00c9tat du Canada est un \u00e9v\u00e9nement sans pr\u00e9c\u00e9dent dans nos vies. BGC Canada b\u00e9n\u00e9ficie d\u2019un patronage vice-royal depuis ses d\u00e9buts. Son Excellence, la tr\u00e8s honorable Mary Simon, premi\u00e8re gouverneure g\u00e9n\u00e9rale autochtone du Canada, est notre lien avec le chef [&hellip;]<\/p>\n","protected":false},"author":11,"featured_media":0,"comment_status":"closed","ping_status":"closed","sticky":false,"template":"","format":"standard","meta":{"_acf_changed":false,"footnotes":""},"categories":[169],"tags":[756,757,758],"class_list":["post-77673","post","type-post","status-publish","format-standard","hentry","category-bgc-news-fr","tag-gouverneure-generale-du-canada","tag-la-tres-honorable-mary-simon","tag-sa-majeste-la-reine-elizabeth-ii"],"acf":[],"aioseo_notices":[],"_links":{"self":[{"href":"https:\/\/www.bgccan.com\/fr\/wp-json\/wp\/v2\/posts\/77673","targetHints":{"allow":["GET"]}}],"collection":[{"href":"https:\/\/www.bgccan.com\/fr\/wp-json\/wp\/v2\/posts"}],"about":[{"href":"https:\/\/www.bgccan.com\/fr\/wp-json\/wp\/v2\/types\/post"}],"author":[{"embeddable":true,"href":"https:\/\/www.bgccan.com\/fr\/wp-json\/wp\/v2\/users\/11"}],"replies":[{"embeddable":true,"href":"https:\/\/www.bgccan.com\/fr\/wp-json\/wp\/v2\/comments?post=77673"}],"version-history":[{"count":0,"href":"https:\/\/www.bgccan.com\/fr\/wp-json\/wp\/v2\/posts\/77673\/revisions"}],"wp:attachment":[{"href":"https:\/\/www.bgccan.com\/fr\/wp-json\/wp\/v2\/media?parent=77673"}],"wp:term":[{"taxonomy":"category","embeddable":true,"href":"https:\/\/www.bgccan.com\/fr\/wp-json\/wp\/v2\/categories?post=77673"},{"taxonomy":"post_tag","embeddable":true,"href":"https:\/\/www.bgccan.com\/fr\/wp-json\/wp\/v2\/tags?post=77673"}],"curies":[{"name":"wp","href":"https:\/\/api.w.org\/{rel}","templated":true}]}}