{"id":78134,"date":"2022-10-06T14:46:58","date_gmt":"2022-10-06T18:46:58","guid":{"rendered":"https:\/\/www.bgccan.com\/?p=78134"},"modified":"2026-03-31T22:44:03","modified_gmt":"2026-03-31T22:44:03","slug":"declaration-commune-de-membres-et-de-parties-prenantes-du-secteur-de-la-sante-mentale-des-jeunes","status":"publish","type":"post","link":"https:\/\/www.bgccan.com\/fr\/declaration-commune-de-membres-et-de-parties-prenantes-du-secteur-de-la-sante-mentale-des-jeunes\/","title":{"rendered":"D\u00e9claration commune de membres et de parties prenantes du secteur de la sant\u00e9 mentale des jeunes"},"content":{"rendered":"<p><strong>Les jeunes et les travailleurs d\u00e9vou\u00e9s qui s\u2019occupent d\u2019eux font face \u00e0 de nombreuses difficult\u00e9s, une situation que la pand\u00e9mie n\u2019a fait qu\u2019exacerber.<\/strong><\/p>\n<p>Un rapport de Statistique Canada montre que parmi tous les groupes d\u2019\u00e2ge, ce sont les jeunes qui sont les moins susceptibles de d\u00e9clarer \u00eatre en bonne sant\u00e9 mentale, et que c\u2019est chez ce groupe d\u2019\u00e2ge qu\u2019ont \u00e9t\u00e9 observ\u00e9es les plus fortes baisses en mati\u00e8re d\u2019auto\u00e9valuation de la sant\u00e9 mentale depuis la pand\u00e9mie<a href=\"\/#_ftn1\" name=\"_ftnref1\"><sup>[1]<\/sup><\/a>. En effet, seuls 42\u00a0% des jeunes ont d\u00e9clar\u00e9 \u00eatre en excellente ou en tr\u00e8s bonne sant\u00e9 mentale<a href=\"\/#_ftn2\" name=\"_ftnref2\"><sup>[2]<\/sup><\/a>. Au d\u00e9but de la pand\u00e9mie de COVID-19, la demande pour les services de l\u2019organisme Jeunesse, J\u2019\u00e9coute a plus que doubl\u00e9. \u00c0 la fin de 2020, dans l\u2019ensemble de ses services, Jeunesse, J\u2019\u00e9coute avait \u00e9chang\u00e9 avec 4,6\u00a0millions de jeunes, soit une augmentation de 137\u00a0% par rapport au volume d\u2019avant la pand\u00e9mie. Cette hausse de la demande s\u2019est poursuivie en 2021, ann\u00e9e durant laquelle Jeunesse, J\u2019\u00e9coute a \u00e9chang\u00e9 avec des jeunes 4,7\u00a0millions de fois \u00e0 l\u2019\u00e9chelle nationale<a href=\"\/#_ftn3\" name=\"_ftnref3\"><sup>[3]<\/sup><\/a>.<\/p>\n<p>La discrimination syst\u00e9mique nuit \u00e9galement \u00e0 la sant\u00e9 mentale de nombreux jeunes, notamment les jeunes autochtones, les jeunes racis\u00e9s, les jeunes 2SLGBTQ+, les jeunes vivant avec un handicap, ainsi que les jeunes nouveaux arrivants et immigrants. La discrimination syst\u00e9mique peut entra\u00eener des traumatismes ou des traumatismes interg\u00e9n\u00e9rationnels<a href=\"\/#_ftn4\" name=\"_ftnref4\"><sup>[4]<\/sup><\/a>, mais aussi avoir des r\u00e9percussions sur l\u2019acc\u00e8s aux soins et les r\u00e9sultats de ces soins<a href=\"\/#_ftn5\" name=\"_ftnref5\"><sup>[5]<\/sup><\/a>. Lorsqu\u2019ils tentent d\u2019obtenir du soutien en sant\u00e9 mentale, les jeunes (notamment les jeunes racis\u00e9s et 2SLGBTQ+) risquent par ailleurs de faire face \u00e0 des obstacles suppl\u00e9mentaires\u00a0: ne pas savoir \u00e0 qui s\u2019adresser, ne pas avoir acc\u00e8s \u00e0 des soins abordables, sentir un jugement de la part des autres<a href=\"\/#_ftn6\" name=\"_ftnref6\"><sup>[6]<\/sup><\/a>\u2026<\/p>\n<p>De nombreux travailleurs de premi\u00e8re ligne sont \u00e9galement aux prises avec leurs propres probl\u00e8mes de sant\u00e9 mentale et souffrent d\u2019\u00e9puisement professionnel. Ces difficult\u00e9s se font sentir de mani\u00e8re disproportionn\u00e9e chez ceux qui travaillent aupr\u00e8s des jeunes. Malgr\u00e9 tout, seulement un tiers des personnes qui travaillent dans ce secteur ont acc\u00e8s \u00e0 des programmes de pr\u00e9vention de l\u2019\u00e9puisement professionnel<a href=\"\/#_ftn7\" name=\"_ftnref7\"><sup>[7]<\/sup><\/a>, et seulement un tiers se disent \u00e0 l\u2019aise de parler de leurs probl\u00e8mes de sant\u00e9 mentale avec leur gestionnaire<a href=\"\/#_ftn8\" name=\"_ftnref8\"><sup>[8]<\/sup><\/a>. Si le personnel de premi\u00e8re ligne responsable des programmes ne re\u00e7oit pas de soutien suppl\u00e9mentaire, il lui sera impossible de prendre soin des jeunes de mani\u00e8re optimale.<\/p>\n<p>L\u2019investissement dans les services de sant\u00e9 mentale permettra non seulement d\u2019offrir du soutien imm\u00e9diat aux jeunes et au personnel de premi\u00e8re ligne, mais sera aussi b\u00e9n\u00e9fique \u00e0 long terme. Lorsque les enfants et ados ont acc\u00e8s \u00e0 des programmes de pr\u00e9vention et d\u2019intervention pr\u00e9coce, les comp\u00e9tences acquises les accompagnent toute leur vie, ce qui les rend moins susceptibles d\u2019avoir besoin d\u2019un soutien intensif en sant\u00e9 mentale plus tard dans leur vie. Une \u00e9tude internationale publi\u00e9e dans le <em>British Medical Journal<\/em> en 2022 a r\u00e9v\u00e9l\u00e9 que chaque dollar d\u00e9pens\u00e9 pour pr\u00e9venir et traiter les probl\u00e8mes de sant\u00e9 mentale \u00e0 l\u2019adolescence entra\u00eenait des gains de 23,60\u00a0$ sur le plan de la sant\u00e9 et de l\u2019\u00e9conomie<a href=\"\/#_ftn9\" name=\"_ftnref9\"><sup>[9]<\/sup><\/a>.<\/p>\n<p>Dans sa lettre de mandat, le gouvernement s\u2019est engag\u00e9 \u00e0 veiller \u00e0 ce que les enfants et les ados aient acc\u00e8s \u00e0 des services de sant\u00e9 mentale pendant qu&rsquo;ils se remettent des effets de la pand\u00e9mie, ainsi qu\u2019\u00e0 investir dans les interventions en mati\u00e8re de sant\u00e9 mentale pour les personnes touch\u00e9es de mani\u00e8re disproportionn\u00e9e par la COVID-19 au Canada, notamment les travailleurs de la sant\u00e9, les travailleurs de premi\u00e8re ligne, les a\u00een\u00e9s, les Autochtones et les personnes noires et racis\u00e9es<a href=\"\/#_ftn10\" name=\"_ftnref10\"><sup>[10]<\/sup><\/a>. En tant que membres et parties prenantes du secteur de la sant\u00e9 mentale des jeunes, nous demandons au gouvernement f\u00e9d\u00e9ral d\u2019investir dans la sant\u00e9 mentale des jeunes et des personnes qui travaillent en premi\u00e8re ligne aupr\u00e8s d\u2019eux. Nous demandons \u00e9galement au gouvernement de continuer \u00e0 financer des initiatives en sant\u00e9 mentale li\u00e9es \u00e0 la COVID-19. Des cibles pr\u00e9cises en mati\u00e8re d\u2019\u00e9quit\u00e9 devraient notamment \u00eatre d\u00e9finies afin de veiller \u00e0 ce que les jeunes ne soient pas laiss\u00e9s pour compte\u00a0:<\/p>\n<ul>\n<li>Progresser vers l\u2019objectif que chaque jeune ait acc\u00e8s \u00e0 des programmes de sant\u00e9 mentale communautaires fond\u00e9s sur des donn\u00e9es probantes, flexibles et adapt\u00e9s \u00e0 la r\u00e9alit\u00e9 culturelle, notamment des programmes de promotion de la sant\u00e9 et de pr\u00e9vention des maladies mentales, d\u2019intervention pr\u00e9coce, de soutien par les pairs, d\u2019acquisition autonome de comp\u00e9tences en sant\u00e9 mentale ainsi que d\u2019apprentissage \u00e9motionnel et social. Il doit s\u2019agir d\u2019un acc\u00e8s gratuit, rapide, de grande qualit\u00e9 et \u00e9quitable.<\/li>\n<li>Financer des organismes permettant aux personnes qui travaillent en premi\u00e8re ligne aupr\u00e8s des jeunes de suivre une formation des premiers soins en sant\u00e9 mentale pour qu\u2019elles puissent offrir un meilleur soutien en la mati\u00e8re aux jeunes qui prennent part \u00e0 leurs programmes.<\/li>\n<li>Accorder la priorit\u00e9 au d\u00e9ploiement du Fonds de relance des services communautaires (FPEC) et envisager un financement suppl\u00e9mentaire dans le cadre de ce programme pour favoriser la sant\u00e9 mentale des personnes qui travaillent aupr\u00e8s des jeunes, notamment en leur offrant des salaires et des avantages sociaux d\u00e9cents, un programme de soutien par les pairs et un acc\u00e8s \u00e0 des services officiels de sant\u00e9 mentale ax\u00e9s sur les mesures de soutien fond\u00e9es sur des donn\u00e9es probantes.<\/li>\n<li>Continuer \u00e0 appuyer les fournisseurs de soins de sant\u00e9 et de services virtuels qui peuvent aider \u00e0 combler les lacunes dans le syst\u00e8me, par exemple lorsque les listes d\u2019attente sont longues, ou pour les personnes ayant besoin de soutien entre deux rendez-vous ou celles qui habitent dans un endroit au pays o\u00f9 il n\u2019y a pas de services communautaires.<\/li>\n<\/ul>\n<p>Toutes les recommandations ci-dessus devraient \u00eatre assorties d\u2019investissements importants afin de rem\u00e9dier aux d\u00e9terminants sociaux de la sant\u00e9, notamment de nouveaux investissements substantiels visant \u00e0 r\u00e9duire la pauvret\u00e9 et \u00e0 veiller \u00e0 ce que chaque jeune ait acc\u00e8s \u00e0 un logement abordable, ad\u00e9quat et sain, ainsi qu\u2019\u00e0 des possibilit\u00e9s d\u2019emploi et de formation.<\/p>\n<p>Les organismes \u00e0 but non lucratif, y compris ceux \u00e9num\u00e9r\u00e9s ci-dessous, seraient heureux d\u2019\u00eatre consult\u00e9s et de fournir leurs opinions et leurs recommandations sur la conception et la mise en \u0153uvre de ces investissements. Nous nous r\u00e9jouissons de continuer \u00e0 collaborer avec le gouvernement pour favoriser une bonne sant\u00e9 mentale chez les jeunes.<\/p>\n<p>&#8212;<\/p>\n<p><a href=\"\/#_ftnref1\" name=\"_ftn1\"><sup>[1]<\/sup><\/a> <a href=\"https:\/\/www.statcan.gc.ca\/o1\/fr\/plus\/907-la-sante-mentale-des-jeunes-revient-sous-les-feux-de-la-rampe-alors-que-la-pandemie\" target=\"_blank\" rel=\"noopener\">https:\/\/www.statcan.gc.ca\/o1\/fr\/plus\/907-la-sante-mentale-des-jeunes-revient-sous-les-feux-de-la-rampe-alors-que-la-pandemie<\/a><\/p>\n<p><a href=\"\/#_ftnref2\" name=\"_ftn2\"><sup>[2]<\/sup><\/a> <a href=\"https:\/\/www150.statcan.gc.ca\/n1\/pub\/45-28-0001\/2020001\/article\/00003-fra.htm\" target=\"_blank\" rel=\"noopener\">https:\/\/www150.statcan.gc.ca\/n1\/pub\/45-28-0001\/2020001\/article\/00003-fra.htm<\/a><\/p>\n<p><a href=\"\/#_ftnref3\" name=\"_ftn3\"><sup>[3]<\/sup><\/a> <a href=\"https:\/\/kidshelpphone.ca\/publications\/kids-help-phone-seeks-indigenous-volunteers-to-meet-demand\">\u00a0<\/a><a href=\"https:\/\/kidshelpphone.ca\/publications\/kids-help-phone-seeks-indigenous-volunteers-to-meet-demand\" target=\"_blank\" rel=\"noopener\">https:\/\/kidshelpphone.ca\/publications\/kids-help-phone-seeks-indigenous-volunteers-to-meet-demand<\/a><\/p>\n<p><a href=\"\/#_ftnref4\" name=\"_ftn4\"><sup>[4]<\/sup><\/a> <a href=\"https:\/\/www.canada.ca\/fr\/sante-publique\/services\/promotion-sante\/sante-population\/est-determine-sante\/determinants-sociaux-iniquites-canadiens-noirs-apercu.html\" target=\"_blank\" rel=\"noopener\">https:\/\/www.canada.ca\/fr\/sante-publique\/services\/promotion-sante\/sante-population\/est-determine-sante\/determinants-sociaux-iniquites-canadiens-noirs-apercu.html<\/a><\/p>\n<p><a href=\"\/#_ftnref5\" name=\"_ftn5\"><sup>[5]<\/sup><\/a> <a href=\"https:\/\/www.ncbi.nlm.nih.gov\/pmc\/articles\/PMC8056965\/\" target=\"_blank\" rel=\"noopener\">https:\/\/www.ncbi.nlm.nih.gov\/pmc\/articles\/PMC8056965\/<\/a><\/p>\n<p><a href=\"\/#_ftnref6\" name=\"_ftn6\"><sup>[6]<\/sup><\/a> <a href=\"https:\/\/static1.squarespace.com\/static\/5f31a311d93d0f2e28aaf04a\/t\/62cc4207f8adaf29d4a4bc15\/1657553415951\/07July22_Which+Canadians+Are+Not+Accessing+Support_V3%282%29.pdf\" target=\"_blank\" rel=\"noopener\">https:\/\/static1.squarespace.com\/static\/5f31a311d93d0f2e28aaf04a\/t\/62cc4207f8adaf29d4a4bc15\/1657553415951\/07July22_Which+Canadians+Are+Not+Accessing+Support_V3%282%29.pdf<\/a><\/p>\n<p><a href=\"\/#_ftnref7\" name=\"_ftn7\"><sup>[7]<\/sup><\/a> <a href=\"https:\/\/static1.squarespace.com\/static\/5f31a311d93d0f2e28aaf04a\/t\/61e59ce735bb7b247057299d\/1642437865230\/Long+Form+EN+Final+-+MHRC+PHS+Report.pdf\" target=\"_blank\" rel=\"noopener\">https:\/\/static1.squarespace.com\/static\/5f31a311d93d0f2e28aaf04a\/t\/61e59ce735bb7b247057299d\/1642437865230\/Long+Form+EN+Final+-+MHRC+PHS+Report.pdf<\/a><\/p>\n<p><a href=\"\/#_ftnref8\" name=\"_ftn8\"><sup>[8]<\/sup><\/a> <a href=\"https:\/\/static1.squarespace.com\/static\/5f31a311d93d0f2e28aaf04a\/t\/61e59ce735bb7b247057299d\/1642437865230\/Long+Form+EN+Final+-+MHRC+PHS+Report.pdf\" target=\"_blank\" rel=\"noopener\">https:\/\/static1.squarespace.com\/static\/5f9978fdff01872f76f38a09\/t\/61f176a37277bd124715c7d3\/1643214514051\/FR+-++Long+Form+Final+-+MHRC+PHS+Report+copy.pdf<\/a><\/p>\n<p><a href=\"\/#_ftnref9\" name=\"_ftn9\"><sup>[9]<\/sup><\/a> <a href=\"https:\/\/gh.bmj.com\/content\/7\/6\/e007759\" target=\"_blank\" rel=\"noopener\">https:\/\/gh.bmj.com\/content\/7\/6\/e007759<\/a><\/p>\n<p><a href=\"\/#_ftnref10\" name=\"_ftn10\"><sup>[10]<\/sup><\/a> <a href=\"https:\/\/pm.gc.ca\/fr\/lettres-de-mandat\/2021\/12\/16\/lettre-de-mandat-de-la-ministre-de-la-sante-mentale-et-des-dependances\" target=\"_blank\" rel=\"noopener\">https:\/\/pm.gc.ca\/fr\/lettres-de-mandat\/2021\/12\/16\/lettre-de-mandat-de-la-ministre-de-la-sante-mentale-et-des-dependances<\/a><\/p>\n<p><img decoding=\"async\" src=\"https:\/\/www.bgccan.com\/wp-content\/uploads\/2022\/10\/bgccan.png\" \/><img decoding=\"async\" src=\"https:\/\/www.bgccan.com\/wp-content\/uploads\/2022\/10\/NACY.png\" \/><img decoding=\"async\" src=\"https:\/\/www.bgccan.com\/wp-content\/uploads\/2022\/10\/youthrex.png\" \/><img decoding=\"async\" src=\"https:\/\/www.bgccan.com\/wp-content\/uploads\/2022\/10\/bbbs.png\" \/><img decoding=\"async\" src=\"https:\/\/www.bgccan.com\/wp-content\/uploads\/2022\/10\/wellesley.png\" \/><img decoding=\"async\" src=\"https:\/\/www.bgccan.com\/wp-content\/uploads\/2022\/10\/ymca.png\" \/><img decoding=\"async\" src=\"https:\/\/www.bgccan.com\/wp-content\/uploads\/2022\/10\/CMHA.png\" \/><img decoding=\"async\" src=\"https:\/\/www.bgccan.com\/wp-content\/uploads\/2022\/10\/Untitled-design.png\" \/><\/p>\n","protected":false},"excerpt":{"rendered":"<p>Les jeunes et les travailleurs d\u00e9vou\u00e9s qui s\u2019occupent d\u2019eux font face \u00e0 de nombreuses difficult\u00e9s, une situation que la pand\u00e9mie n\u2019a fait qu\u2019exacerber. Un rapport de Statistique Canada montre que parmi tous les groupes d\u2019\u00e2ge, ce sont les jeunes qui sont les moins susceptibles de d\u00e9clarer \u00eatre en bonne sant\u00e9 mentale, et que c\u2019est chez [&hellip;]<\/p>\n","protected":false},"author":11,"featured_media":0,"comment_status":"closed","ping_status":"closed","sticky":false,"template":"","format":"standard","meta":{"_acf_changed":false,"footnotes":""},"categories":[169],"tags":[255,598,591,248,592,593,353,594,270,595,596,498,597],"class_list":["post-78134","post","type-post","status-publish","format-standard","hentry","category-bgc-news-fr","tag-bgc-canada","tag-big-brothers-big-sisters-of-canada","tag-cmha","tag-covid-19","tag-jack-org","tag-jeunes","tag-mental-health","tag-nacy","tag-sante-mentale","tag-travailleurs-de-premiere-ligne","tag-wellesly-institute","tag-ymca","tag-youth-rex-exchange"],"acf":[],"aioseo_notices":[],"_links":{"self":[{"href":"https:\/\/www.bgccan.com\/fr\/wp-json\/wp\/v2\/posts\/78134","targetHints":{"allow":["GET"]}}],"collection":[{"href":"https:\/\/www.bgccan.com\/fr\/wp-json\/wp\/v2\/posts"}],"about":[{"href":"https:\/\/www.bgccan.com\/fr\/wp-json\/wp\/v2\/types\/post"}],"author":[{"embeddable":true,"href":"https:\/\/www.bgccan.com\/fr\/wp-json\/wp\/v2\/users\/11"}],"replies":[{"embeddable":true,"href":"https:\/\/www.bgccan.com\/fr\/wp-json\/wp\/v2\/comments?post=78134"}],"version-history":[{"count":0,"href":"https:\/\/www.bgccan.com\/fr\/wp-json\/wp\/v2\/posts\/78134\/revisions"}],"wp:attachment":[{"href":"https:\/\/www.bgccan.com\/fr\/wp-json\/wp\/v2\/media?parent=78134"}],"wp:term":[{"taxonomy":"category","embeddable":true,"href":"https:\/\/www.bgccan.com\/fr\/wp-json\/wp\/v2\/categories?post=78134"},{"taxonomy":"post_tag","embeddable":true,"href":"https:\/\/www.bgccan.com\/fr\/wp-json\/wp\/v2\/tags?post=78134"}],"curies":[{"name":"wp","href":"https:\/\/api.w.org\/{rel}","templated":true}]}}